{"id":535,"date":"2014-04-03T16:41:23","date_gmt":"2014-04-03T15:41:23","guid":{"rendered":"http:\/\/descartesjs.org\/documentacion\/?p=535"},"modified":"2021-08-06T17:53:32","modified_gmt":"2021-08-06T16:53:32","slug":"segmento-2-d","status":"publish","type":"post","link":"https:\/\/reddescartes.org\/documentacion\/segmento-2-d\/","title":{"rendered":"Segmento 2-D"},"content":{"rendered":"<p><span style=\"line-height: 1.5em;\">El panel de configuraci\u00f3n espec\u00edfico del tipo <strong>segmento<\/strong><\/span><span style=\"line-height: 1.5em;\">&nbsp;tiene este aspecto:<\/span><\/p>\n<p><a href=\"https:\/\/descartesjs.org\/documentacion\/wp-content\/uploads\/2014\/03\/graficos_segmento.jpg\"><img class=\"wp-image-294 aligncenter\" src=\"https:\/\/descartesjs.org\/documentacion\/wp-content\/uploads\/2014\/03\/graficos_segmento.jpg\" alt=\"graficos_segmento\" width=\"543\" height=\"345\" srcset=\"https:\/\/reddescartes.org\/documentacion\/wp-content\/uploads\/2014\/03\/graficos_segmento.jpg 849w, https:\/\/reddescartes.org\/documentacion\/wp-content\/uploads\/2014\/03\/graficos_segmento-300x190.jpg 300w\" sizes=\"(max-width: 543px) 100vw, 543px\" \/><\/a><\/p>\n<p>La siguiente tabla explica los campos espec\u00edficos.<\/p>\n<table border=\"0\">\n<thead>\n<tr>\n<td>Campo<\/td>\n<td>Descripci\u00f3n<\/td>\n<\/tr>\n<\/thead>\n<tbody>\n<tr>\n<td><strong>expresi\u00f3n<\/strong><\/td>\n<td>Es un campo de texto. Su contenido es una pareja de pares ordenados de expresiones que representan las coordenadas de los extremos del segmento.<\/td>\n<\/tr>\n<tr>\n<td><strong>tama\u00f1o<\/strong><\/td>\n<td>Es el radio de los extremos del segmento, que se dibujan como dos discos.<\/td>\n<\/tr>\n<tr>\n<td><strong>ancho<\/strong><\/td>\n<td>Es el ancho o grueso del trazo medido en p\u00edxeles. El valor por defecto es 1.<br \/>\nSe recomienda utilizar poco los anchos diferentes de 1 pues ralentizan el dibujo.<\/td>\n<\/tr>\n<tr>\n<td><strong>texto<\/strong><\/td>\n<td>Es una etiqueta que acompa\u00f1a al segmento y se escribe cerca de su posici\u00f3n o algo que puede considerarse como su posici\u00f3n.Los textos pueden tener varias l\u00edneas y adem\u00e1s pueden incluir valores num\u00e9ricos variables (<a href=\"https:\/\/descartesjs.org\/documentacion\/?cat=33\">ver Textos<\/a>).El valor por defecto es vac\u00edo.<\/td>\n<\/tr>\n<\/tbody>\n<\/table>\n<p><span style=\"font-family: Arial;\"><span style=\"font-size: small;\"><i><b>&nbsp;<\/b><\/i><\/span><\/span><\/p>\n","protected":false},"excerpt":{"rendered":"<p>El panel de configuraci\u00f3n espec\u00edfico del tipo segmento&nbsp;tiene este aspecto: La siguiente tabla explica los campos espec\u00edficos. Campo Descripci\u00f3n expresi\u00f3n Es un campo de texto. Su contenido es una pareja de pares ordenados de expresiones que representan las coordenadas de los extremos del segmento. tama\u00f1o Es el radio de los extremos del segmento, que se dibujan como dos discos. ancho Es el ancho o grueso del trazo medido en p\u00edxeles. El valor por defecto es 1. Se recomienda utilizar poco los anchos diferentes de 1 pues ralentizan el dibujo. texto Es una etiqueta que acompa\u00f1a al segmento y se escribe<\/p>\n<a class=\"more-link\" rel=\"nofollow\" href=\"https:\/\/reddescartes.org\/documentacion\/segmento-2-d\/\">[Leer m\u00e1s...]<\/a>","protected":false},"author":7,"featured_media":0,"comment_status":"open","ping_status":"open","sticky":false,"template":"","format":"standard","meta":[],"categories":[38],"tags":[6,64],"_links":{"self":[{"href":"https:\/\/reddescartes.org\/documentacion\/wp-json\/wp\/v2\/posts\/535"}],"collection":[{"href":"https:\/\/reddescartes.org\/documentacion\/wp-json\/wp\/v2\/posts"}],"about":[{"href":"https:\/\/reddescartes.org\/documentacion\/wp-json\/wp\/v2\/types\/post"}],"author":[{"embeddable":true,"href":"https:\/\/reddescartes.org\/documentacion\/wp-json\/wp\/v2\/users\/7"}],"replies":[{"embeddable":true,"href":"https:\/\/reddescartes.org\/documentacion\/wp-json\/wp\/v2\/comments?post=535"}],"version-history":[{"count":7,"href":"https:\/\/reddescartes.org\/documentacion\/wp-json\/wp\/v2\/posts\/535\/revisions"}],"predecessor-version":[{"id":3397,"href":"https:\/\/reddescartes.org\/documentacion\/wp-json\/wp\/v2\/posts\/535\/revisions\/3397"}],"wp:attachment":[{"href":"https:\/\/reddescartes.org\/documentacion\/wp-json\/wp\/v2\/media?parent=535"}],"wp:term":[{"taxonomy":"category","embeddable":true,"href":"https:\/\/reddescartes.org\/documentacion\/wp-json\/wp\/v2\/categories?post=535"},{"taxonomy":"post_tag","embeddable":true,"href":"https:\/\/reddescartes.org\/documentacion\/wp-json\/wp\/v2\/tags?post=535"}],"curies":[{"name":"wp","href":"https:\/\/api.w.org\/{rel}","templated":true}]}}