{"id":532,"date":"2014-04-03T16:43:27","date_gmt":"2014-04-03T15:43:27","guid":{"rendered":"http:\/\/descartesjs.org\/documentacion\/?p=532"},"modified":"2021-08-06T17:52:36","modified_gmt":"2021-08-06T16:52:36","slug":"punto-2-d","status":"publish","type":"post","link":"https:\/\/reddescartes.org\/documentacion\/punto-2-d\/","title":{"rendered":"Punto 2-D"},"content":{"rendered":"<p><span style=\"line-height: 1.5em;\">El panel de configuraci\u00f3n espec\u00edfico del tipo <\/span><span style=\"font-family: Courier New;\"><small><strong>punto<\/strong><\/small><\/span><span style=\"line-height: 1.5em;\"> tiene este aspecto:<\/span><\/p>\n<p align=\"left\"><a href=\"https:\/\/descartesjs.org\/documentacion\/wp-content\/uploads\/2014\/03\/graficos_punto1.jpg\"><img class=\"wp-image-281 aligncenter\" src=\"https:\/\/descartesjs.org\/documentacion\/wp-content\/uploads\/2014\/03\/graficos_punto1.jpg\" alt=\"graficos_punto\" width=\"543\" height=\"346\" srcset=\"https:\/\/reddescartes.org\/documentacion\/wp-content\/uploads\/2014\/03\/graficos_punto1.jpg 849w, https:\/\/reddescartes.org\/documentacion\/wp-content\/uploads\/2014\/03\/graficos_punto1-300x190.jpg 300w\" sizes=\"(max-width: 543px) 100vw, 543px\" \/><\/a><\/p>\n<p><span style=\"color: #004080; font-family: Arial;\"><span style=\"color: #000000;\">La siguiente tabla explica los campos espec\u00edficos.<\/span><\/span><\/p>\n<table border=\"0\">\n<thead>\n<tr>\n<td>Campo<\/td>\n<td>Descripci\u00f3n<\/td>\n<\/tr>\n<\/thead>\n<tbody>\n<tr>\n<td><strong>expresi\u00f3n<\/strong><\/td>\n<td>Es un campo de texto. Su contenido debe ser una par ordenado de expresiones cuyo valor indica las coordenadas del punto a dibujar.<\/td>\n<\/tr>\n<tr>\n<td><strong>tama\u00f1o<\/strong><\/td>\n<td>Es el radio del \u00abpunto\u00bb. En realidad el programa dibuja un disco de radio tama\u00f1o. Si tama\u00f1o=0 el punto no se dibuja. Esto \u00faltimo puede aprovecharse para dibujar textos asociados a puntos invisibles, usando las coordenadas del espacio.<\/td>\n<\/tr>\n<tr>\n<td><strong>texto<\/strong><\/td>\n<td>Es una etiqueta que acompa\u00f1a al objeto gr\u00e1fico y se escribe cerca de su posici\u00f3n o algo que puede considerarse como su posici\u00f3n. En un punto se escribe un poco arriba y a la derecha. Los textos por defecto se dibujan en el mismo color que el objeto gr\u00e1fico.Los textos pueden tener varias l\u00edneas y adem\u00e1s pueden incluir valores num\u00e9ricos variables (<a href=\"https:\/\/descartesjs.org\/documentacion\/?cat=33\">ver Textos<\/a>).&nbsp;<\/p>\n<p>El valor por defecto es vac\u00edo.<\/td>\n<\/tr>\n<\/tbody>\n<\/table>\n","protected":false},"excerpt":{"rendered":"<p>El panel de configuraci\u00f3n espec\u00edfico del tipo punto tiene este aspecto: La siguiente tabla explica los campos espec\u00edficos. Campo Descripci\u00f3n expresi\u00f3n Es un campo de texto. Su contenido debe ser una par ordenado de expresiones cuyo valor indica las coordenadas del punto a dibujar. tama\u00f1o Es el radio del \u00abpunto\u00bb. En realidad el programa dibuja un disco de radio tama\u00f1o. Si tama\u00f1o=0 el punto no se dibuja. Esto \u00faltimo puede aprovecharse para dibujar textos asociados a puntos invisibles, usando las coordenadas del espacio. texto Es una etiqueta que acompa\u00f1a al objeto gr\u00e1fico y se escribe cerca de su posici\u00f3n o<\/p>\n<a class=\"more-link\" rel=\"nofollow\" href=\"https:\/\/reddescartes.org\/documentacion\/punto-2-d\/\">[Leer m\u00e1s...]<\/a>","protected":false},"author":7,"featured_media":0,"comment_status":"open","ping_status":"open","sticky":false,"template":"","format":"standard","meta":[],"categories":[38],"tags":[6,65],"_links":{"self":[{"href":"https:\/\/reddescartes.org\/documentacion\/wp-json\/wp\/v2\/posts\/532"}],"collection":[{"href":"https:\/\/reddescartes.org\/documentacion\/wp-json\/wp\/v2\/posts"}],"about":[{"href":"https:\/\/reddescartes.org\/documentacion\/wp-json\/wp\/v2\/types\/post"}],"author":[{"embeddable":true,"href":"https:\/\/reddescartes.org\/documentacion\/wp-json\/wp\/v2\/users\/7"}],"replies":[{"embeddable":true,"href":"https:\/\/reddescartes.org\/documentacion\/wp-json\/wp\/v2\/comments?post=532"}],"version-history":[{"count":7,"href":"https:\/\/reddescartes.org\/documentacion\/wp-json\/wp\/v2\/posts\/532\/revisions"}],"predecessor-version":[{"id":3396,"href":"https:\/\/reddescartes.org\/documentacion\/wp-json\/wp\/v2\/posts\/532\/revisions\/3396"}],"wp:attachment":[{"href":"https:\/\/reddescartes.org\/documentacion\/wp-json\/wp\/v2\/media?parent=532"}],"wp:term":[{"taxonomy":"category","embeddable":true,"href":"https:\/\/reddescartes.org\/documentacion\/wp-json\/wp\/v2\/categories?post=532"},{"taxonomy":"post_tag","embeddable":true,"href":"https:\/\/reddescartes.org\/documentacion\/wp-json\/wp\/v2\/tags?post=532"}],"curies":[{"name":"wp","href":"https:\/\/api.w.org\/{rel}","templated":true}]}}