{"id":530,"date":"2014-04-03T16:45:27","date_gmt":"2014-04-03T15:45:27","guid":{"rendered":"http:\/\/descartesjs.org\/documentacion\/?p=530"},"modified":"2021-08-06T17:51:43","modified_gmt":"2021-08-06T16:51:43","slug":"sucesion-2-d","status":"publish","type":"post","link":"https:\/\/reddescartes.org\/documentacion\/sucesion-2-d\/","title":{"rendered":"Sucesi\u00f3n 2-D"},"content":{"rendered":"<p><span style=\"line-height: 1.5em;\">El panel de configuraci\u00f3n espec\u00edfico del tipo <strong>sucesi\u00f3n<\/strong><\/span><span style=\"line-height: 1.5em;\">&nbsp;tiene este aspecto:<\/span><\/p>\n<p><a href=\"https:\/\/descartesjs.org\/documentacion\/wp-content\/uploads\/2014\/03\/graficos_sucesion1.jpg\"><img class=\" wp-image-305 aligncenter\" src=\"https:\/\/descartesjs.org\/documentacion\/wp-content\/uploads\/2014\/03\/graficos_sucesion1.jpg\" alt=\"graficos_sucesion\" width=\"543\" height=\"345\" srcset=\"https:\/\/reddescartes.org\/documentacion\/wp-content\/uploads\/2014\/03\/graficos_sucesion1.jpg 849w, https:\/\/reddescartes.org\/documentacion\/wp-content\/uploads\/2014\/03\/graficos_sucesion1-300x190.jpg 300w\" sizes=\"(max-width: 543px) 100vw, 543px\" \/><\/a><\/p>\n<p style=\"text-align: justify;\">La siguiente tabla explica los campos espec\u00edficos.<\/p>\n<table border=\"0\">\n<thead>\n<tr>\n<td>Campo<\/td>\n<td>Descripci\u00f3n<\/td>\n<\/tr>\n<\/thead>\n<tbody>\n<tr>\n<td><strong>expresi\u00f3n<\/strong><\/td>\n<td>Es un campo de texto. Su contenido es un par ordenado de la forma (n, expresi\u00f3n en funci\u00f3n de n) que indica el t\u00e9rmino n-\u00e9simo de la sucesi\u00f3n.<\/td>\n<\/tr>\n<tr>\n<td><strong>tama\u00f1o<\/strong><\/td>\n<td>Es el tama\u00f1o del punto que representa a cada t\u00e9rmino de la sucesi\u00f3n. Si tama\u00f1o=0 el punto no se dibuja.<\/td>\n<\/tr>\n<tr>\n<td><strong><strong>visible<\/strong><\/strong><\/td>\n<td>Al seleccionar esta opci\u00f3n se refleja en la parte inferior la expresi\u00f3n que define a la sucesi\u00f3n.<\/td>\n<\/tr>\n<tr>\n<td><strong>editable<\/strong><\/td>\n<td>Este campo s\u00f3lo se puede utilizar si visible est\u00e1 seleccionado.<br \/>\nCuando editable se activa, el contenido del campo de texto que aparece en la parte inferior de la escena puede ser modificada por el usuario. Esta opci\u00f3n puede ser \u00fatil cuando se desea que el alumno practique la escritura de f\u00f3rmulas y para representar aquellas sucesiones que desee el usuario sin necesidad de editar la escena.<\/td>\n<\/tr>\n<tr>\n<td><strong>dominio<\/strong><\/td>\n<td>Debe ser una expresi\u00f3n de la forma [n1,n2] donde n1 y n2 son dos enteros que se interpretan como el inicio y el final del intervalo de enteros que n recorrer\u00e1. El programa dibujar\u00e1 los puntos (X,Y) para cada valor de n entre n1 y n2.<\/td>\n<\/tr>\n<\/tbody>\n<\/table>\n<p>En realidad, una sucesi\u00f3n es una familia de puntos, pero con par\u00e1metro entero.<\/p>\n","protected":false},"excerpt":{"rendered":"<p>El panel de configuraci\u00f3n espec\u00edfico del tipo sucesi\u00f3n&nbsp;tiene este aspecto: La siguiente tabla explica los campos espec\u00edficos. Campo Descripci\u00f3n expresi\u00f3n Es un campo de texto. Su contenido es un par ordenado de la forma (n, expresi\u00f3n en funci\u00f3n de n) que indica el t\u00e9rmino n-\u00e9simo de la sucesi\u00f3n. tama\u00f1o Es el tama\u00f1o del punto que representa a cada t\u00e9rmino de la sucesi\u00f3n. Si tama\u00f1o=0 el punto no se dibuja. visible Al seleccionar esta opci\u00f3n se refleja en la parte inferior la expresi\u00f3n que define a la sucesi\u00f3n. editable Este campo s\u00f3lo se puede utilizar si visible est\u00e1 seleccionado. Cuando editable<\/p>\n<a class=\"more-link\" rel=\"nofollow\" href=\"https:\/\/reddescartes.org\/documentacion\/sucesion-2-d\/\">[Leer m\u00e1s...]<\/a>","protected":false},"author":7,"featured_media":0,"comment_status":"open","ping_status":"open","sticky":false,"template":"","format":"standard","meta":[],"categories":[38],"tags":[6,66],"_links":{"self":[{"href":"https:\/\/reddescartes.org\/documentacion\/wp-json\/wp\/v2\/posts\/530"}],"collection":[{"href":"https:\/\/reddescartes.org\/documentacion\/wp-json\/wp\/v2\/posts"}],"about":[{"href":"https:\/\/reddescartes.org\/documentacion\/wp-json\/wp\/v2\/types\/post"}],"author":[{"embeddable":true,"href":"https:\/\/reddescartes.org\/documentacion\/wp-json\/wp\/v2\/users\/7"}],"replies":[{"embeddable":true,"href":"https:\/\/reddescartes.org\/documentacion\/wp-json\/wp\/v2\/comments?post=530"}],"version-history":[{"count":6,"href":"https:\/\/reddescartes.org\/documentacion\/wp-json\/wp\/v2\/posts\/530\/revisions"}],"predecessor-version":[{"id":3394,"href":"https:\/\/reddescartes.org\/documentacion\/wp-json\/wp\/v2\/posts\/530\/revisions\/3394"}],"wp:attachment":[{"href":"https:\/\/reddescartes.org\/documentacion\/wp-json\/wp\/v2\/media?parent=530"}],"wp:term":[{"taxonomy":"category","embeddable":true,"href":"https:\/\/reddescartes.org\/documentacion\/wp-json\/wp\/v2\/categories?post=530"},{"taxonomy":"post_tag","embeddable":true,"href":"https:\/\/reddescartes.org\/documentacion\/wp-json\/wp\/v2\/tags?post=530"}],"curies":[{"name":"wp","href":"https:\/\/api.w.org\/{rel}","templated":true}]}}