{"id":19,"date":"2014-02-11T17:59:51","date_gmt":"2014-02-11T16:59:51","guid":{"rendered":"http:\/\/descartesjs.org\/documentacion\/?p=19"},"modified":"2014-04-09T07:18:14","modified_gmt":"2014-04-09T06:18:14","slug":"iframes","status":"publish","type":"post","link":"https:\/\/reddescartes.org\/documentacion\/iframes\/","title":{"rendered":"Iframes"},"content":{"rendered":"<p>La ventana de edici\u00f3n posee dos pesta\u00f1as, <strong>Visual<\/strong> y <strong>Texto<\/strong>. Es posible embeber contenidos mediante un iframe desde la pesta\u00f1a Visual. Para ello basta escribir el iframe encerrado entre <strong>corchetes<\/strong>. La forma es la siguiente:<\/p>\n<p style=\"text-align: center;\">&#91;iframe src=\u00bbURL del contenido\u00bb width=\u00bbancho\u00bb height=\u00bbalto\u00bb&#93;<\/p>\n<p>El ancho y el alto pueden ser un porcentaje (100%) o una medida (400) que se entender\u00e1 expresada en p\u00edxeles.<\/p>\n","protected":false},"excerpt":{"rendered":"<p>La ventana de edici\u00f3n posee dos pesta\u00f1as, Visual y Texto. Es posible embeber contenidos mediante un iframe desde la pesta\u00f1a Visual. Para ello basta escribir el iframe encerrado entre corchetes. La forma es la siguiente: &#91;iframe src=\u00bbURL del contenido\u00bb width=\u00bbancho\u00bb height=\u00bbalto\u00bb&#93; El ancho y el alto pueden ser un porcentaje (100%) o una medida (400) que se entender\u00e1 expresada en p\u00edxeles.<\/p>\n<a class=\"more-link\" rel=\"nofollow\" href=\"https:\/\/reddescartes.org\/documentacion\/iframes\/\">[Leer m\u00e1s...]<\/a>","protected":false},"author":2,"featured_media":0,"comment_status":"open","ping_status":"open","sticky":false,"template":"","format":"standard","meta":[],"categories":[8],"tags":[9],"_links":{"self":[{"href":"https:\/\/reddescartes.org\/documentacion\/wp-json\/wp\/v2\/posts\/19"}],"collection":[{"href":"https:\/\/reddescartes.org\/documentacion\/wp-json\/wp\/v2\/posts"}],"about":[{"href":"https:\/\/reddescartes.org\/documentacion\/wp-json\/wp\/v2\/types\/post"}],"author":[{"embeddable":true,"href":"https:\/\/reddescartes.org\/documentacion\/wp-json\/wp\/v2\/users\/2"}],"replies":[{"embeddable":true,"href":"https:\/\/reddescartes.org\/documentacion\/wp-json\/wp\/v2\/comments?post=19"}],"version-history":[{"count":4,"href":"https:\/\/reddescartes.org\/documentacion\/wp-json\/wp\/v2\/posts\/19\/revisions"}],"predecessor-version":[{"id":23,"href":"https:\/\/reddescartes.org\/documentacion\/wp-json\/wp\/v2\/posts\/19\/revisions\/23"}],"wp:attachment":[{"href":"https:\/\/reddescartes.org\/documentacion\/wp-json\/wp\/v2\/media?parent=19"}],"wp:term":[{"taxonomy":"category","embeddable":true,"href":"https:\/\/reddescartes.org\/documentacion\/wp-json\/wp\/v2\/categories?post=19"},{"taxonomy":"post_tag","embeddable":true,"href":"https:\/\/reddescartes.org\/documentacion\/wp-json\/wp\/v2\/tags?post=19"}],"curies":[{"name":"wp","href":"https:\/\/api.w.org\/{rel}","templated":true}]}}