{"id":1109,"date":"2014-04-15T17:50:09","date_gmt":"2014-04-15T15:50:09","guid":{"rendered":"http:\/\/descartesjs.org\/documentacion\/?p=1109"},"modified":"2021-08-06T17:09:34","modified_gmt":"2021-08-06T16:09:34","slug":"version-1-de-descartes","status":"publish","type":"post","link":"https:\/\/reddescartes.org\/documentacion\/version-1-de-descartes\/","title":{"rendered":"Versi\u00f3n 1 de Descartes"},"content":{"rendered":"<p>Las escenas de Descartes de la versi\u00f3n 1 se caracterizaban por un entorno de edici\u00f3n textual, donde se observaba un contexto incipiente de ventanas, pero con una edici\u00f3n de las instrucciones caracterizada por la escritura de \u00f3rdenes seg\u00fan una sintaxis estricta.<br \/>\n<iframe style=\"display: block; margin: 10px auto;\" src=\"\/\/www.youtube.com\/embed\/1ToFq4l5BK0?rel=0\" width=\"640\" height=\"480\" frameborder=\"0\" allowfullscreen=\"allowfullscreen\"><\/iframe><\/p>\n<p>Al pulsar el bot\u00f3n \u00ab<em>config<\/em>\u00bb se accede a la ventana de edici\u00f3n.<\/p>\n<p>En la siguiente imagen se muestra la ventana de edici\u00f3n correspondiente a la opci\u00f3n de curvas y la orden necesaria para la representaci\u00f3n de la circunferencia de color verde reflejada en la escena anterior:<\/p>\n<div id=\"attachment_1110\" style=\"width: 605px\" class=\"wp-caption aligncenter\"><a href=\"https:\/\/descartesjs.org\/documentacion\/wp-content\/uploads\/2014\/04\/v101.jpg\"><img aria-describedby=\"caption-attachment-1110\" class=\"size-full wp-image-1110\" src=\"https:\/\/descartesjs.org\/documentacion\/wp-content\/uploads\/2014\/04\/v101.jpg\" alt=\"Ventana de edici\u00f3n de la versi\u00f3n 1\" width=\"595\" height=\"455\" srcset=\"https:\/\/reddescartes.org\/documentacion\/wp-content\/uploads\/2014\/04\/v101.jpg 595w, https:\/\/reddescartes.org\/documentacion\/wp-content\/uploads\/2014\/04\/v101-300x229.jpg 300w\" sizes=\"(max-width: 595px) 100vw, 595px\" \/><\/a><p id=\"caption-attachment-1110\" class=\"wp-caption-text\">Ventana de edici\u00f3n de la versi\u00f3n 1<\/p><\/div>\n","protected":false},"excerpt":{"rendered":"<p>Las escenas de Descartes de la versi\u00f3n 1 se caracterizaban por un entorno de edici\u00f3n textual, donde se observaba un contexto incipiente de ventanas, pero con una edici\u00f3n de las instrucciones caracterizada por la escritura de \u00f3rdenes seg\u00fan una sintaxis estricta. Al pulsar el bot\u00f3n \u00abconfig\u00bb se accede a la ventana de edici\u00f3n. En la siguiente imagen se muestra la ventana de edici\u00f3n correspondiente a la opci\u00f3n de curvas y la orden necesaria para la representaci\u00f3n de la circunferencia de color verde reflejada en la escena anterior:<\/p>\n<a class=\"more-link\" rel=\"nofollow\" href=\"https:\/\/reddescartes.org\/documentacion\/version-1-de-descartes\/\">[Leer m\u00e1s...]<\/a>","protected":false},"author":9,"featured_media":0,"comment_status":"open","ping_status":"open","sticky":false,"template":"","format":"standard","meta":[],"categories":[12,13],"tags":[],"_links":{"self":[{"href":"https:\/\/reddescartes.org\/documentacion\/wp-json\/wp\/v2\/posts\/1109"}],"collection":[{"href":"https:\/\/reddescartes.org\/documentacion\/wp-json\/wp\/v2\/posts"}],"about":[{"href":"https:\/\/reddescartes.org\/documentacion\/wp-json\/wp\/v2\/types\/post"}],"author":[{"embeddable":true,"href":"https:\/\/reddescartes.org\/documentacion\/wp-json\/wp\/v2\/users\/9"}],"replies":[{"embeddable":true,"href":"https:\/\/reddescartes.org\/documentacion\/wp-json\/wp\/v2\/comments?post=1109"}],"version-history":[{"count":15,"href":"https:\/\/reddescartes.org\/documentacion\/wp-json\/wp\/v2\/posts\/1109\/revisions"}],"predecessor-version":[{"id":3337,"href":"https:\/\/reddescartes.org\/documentacion\/wp-json\/wp\/v2\/posts\/1109\/revisions\/3337"}],"wp:attachment":[{"href":"https:\/\/reddescartes.org\/documentacion\/wp-json\/wp\/v2\/media?parent=1109"}],"wp:term":[{"taxonomy":"category","embeddable":true,"href":"https:\/\/reddescartes.org\/documentacion\/wp-json\/wp\/v2\/categories?post=1109"},{"taxonomy":"post_tag","embeddable":true,"href":"https:\/\/reddescartes.org\/documentacion\/wp-json\/wp\/v2\/tags?post=1109"}],"curies":[{"name":"wp","href":"https:\/\/api.w.org\/{rel}","templated":true}]}}